{"id":5335,"date":"2020-11-27T16:42:49","date_gmt":"2020-11-27T15:42:49","guid":{"rendered":"https:\/\/www.paris-guided-tour.com\/?p=5335"},"modified":"2020-12-08T22:33:00","modified_gmt":"2020-12-08T21:33:00","slug":"francais-fin-dun-confinement-sans-divertissement","status":"publish","type":"post","link":"https:\/\/www.paris-guided-tour.com\/fr\/francais-fin-dun-confinement-sans-divertissement\/","title":{"rendered":"Fin d\u2019un confinement sans divertissement !"},"content":{"rendered":"<p>M\u00eame s\u2019il a \u00e9t\u00e9 tr\u00e8s diff\u00e9rent du premier, ce deuxi\u00e8me confinement a \u00e9t\u00e9 synonyme d\u2019une vie sans divertissement. Il faudra patienter jusqu\u2019\u00e0 fin Janvier pour aller au restaurant mais les grands et petits magasins vont rouvrir demain. Quant aux mus\u00e9es et aux cin\u00e9mas, ils ouvrent leurs portes le 15 d\u00e9cembre\u00a0!<\/p>\n<p>Quelles sont les expositions \u00e0 ne pas manquer avant la pause de No\u00ebl\u00a0?<\/p>\n<p><strong>Mus\u00e9e des arts d\u00e9coratifs de Paris <\/strong><\/p>\n<p><strong>Harper\u2019s Bazar <\/strong><\/p>\n<p><strong>Jusqu\u2019au 3 Janvier 2021<\/strong><\/p>\n<p>Une superbe exposition d\u00e9di\u00e9e au Harper\u2019s Bazar, le premier magazine de mode aux Etats-Unis, c\u2019est l\u2019occasion de revenir sur les photographes et illustrateurs qui ont fa\u00e7onn\u00e9 l\u2019image de la mode d\u00e8s la fin du XIX\u00e8me si\u00e8cle.<\/p>\n<p><strong><img loading=\"lazy\" decoding=\"async\" class=\"alignnone size-medium wp-image-5332\" src=\"https:\/\/www.paris-guided-tour.com\/wp-content\/uploads\/2020\/11\/076b115_shgxAwOS1Whh4ex7LpMaHOaU-300x300.jpg\" alt=\"\" width=\"300\" height=\"300\" srcset=\"https:\/\/www.paris-guided-tour.com\/wp-content\/uploads\/2020\/11\/076b115_shgxAwOS1Whh4ex7LpMaHOaU-300x300.jpg 300w, https:\/\/www.paris-guided-tour.com\/wp-content\/uploads\/2020\/11\/076b115_shgxAwOS1Whh4ex7LpMaHOaU-150x150.jpg 150w, https:\/\/www.paris-guided-tour.com\/wp-content\/uploads\/2020\/11\/076b115_shgxAwOS1Whh4ex7LpMaHOaU-550x550.jpg 550w, https:\/\/www.paris-guided-tour.com\/wp-content\/uploads\/2020\/11\/076b115_shgxAwOS1Whh4ex7LpMaHOaU.jpg 688w\" sizes=\"(max-width: 300px) 100vw, 300px\" \/><\/strong><strong>\u00a0<\/strong><\/p>\n<p><strong>Palais de la porte Dor\u00e9e <\/strong><\/p>\n<p><strong>L\u2019exhibitionniste\u00a0: Exposition Christian Louboutin<\/strong><\/p>\n<p><strong>Jusqu\u2019au 3 Janvier 2021<\/strong><\/p>\n<p>C\u2019est la premi\u00e8re fois qu\u2019une exposition est d\u00e9di\u00e9e \u00e0 l\u2019univers de Christian Louboutin. Au palais de la porte dor\u00e9, non loin d\u2019o\u00f9 il a grandi, on d\u00e9couvre \u00e0 travers un parcours haut en couleur ses toutes premi\u00e8res cr\u00e9ations puis on \u00e9volue vers les mod\u00e8les les plus somptueux. Entre f\u00e9\u00e9rie et \u00e9merveillement, on comprend qu\u2019il traite avec humour et l\u00e9g\u00e8ret\u00e9 le monde de la mode. La cl\u00e9 de sa r\u00e9ussite, s\u2019amuser et divertir, toujours.<\/p>\n<p><strong>\u00a0<\/strong><strong><img loading=\"lazy\" decoding=\"async\" class=\"alignnone size-medium wp-image-5333\" src=\"https:\/\/www.paris-guided-tour.com\/wp-content\/uploads\/2020\/11\/838_vue_de_lexposition_christian_louboutin_lexhibitionniste_palais_de_la_porte_doree_c_marc_domage_12-300x204.jpg\" alt=\"\" width=\"300\" height=\"204\" srcset=\"https:\/\/www.paris-guided-tour.com\/wp-content\/uploads\/2020\/11\/838_vue_de_lexposition_christian_louboutin_lexhibitionniste_palais_de_la_porte_doree_c_marc_domage_12-300x204.jpg 300w, https:\/\/www.paris-guided-tour.com\/wp-content\/uploads\/2020\/11\/838_vue_de_lexposition_christian_louboutin_lexhibitionniste_palais_de_la_porte_doree_c_marc_domage_12-768x523.jpg 768w, https:\/\/www.paris-guided-tour.com\/wp-content\/uploads\/2020\/11\/838_vue_de_lexposition_christian_louboutin_lexhibitionniste_palais_de_la_porte_doree_c_marc_domage_12.jpg 838w\" sizes=\"(max-width: 300px) 100vw, 300px\" \/><\/strong><\/p>\n<p><strong>Mus\u00e9e Picasso <\/strong><\/p>\n<p><strong>Picasso et la Bande Dessin\u00e9e<\/strong><\/p>\n<p><strong>Jusqu\u2019au 3 Janvier 2021<\/strong><\/p>\n<p>Dans l\u2019h\u00f4tel Sal\u00e9, on peut (re)d\u00e9couvrir l\u2019\u0153uvre de Pablo Picasso sous l\u2019angle de la bande dessin\u00e9e et explorer un angle m\u00e9connu de la culture visuelle de l\u2019artiste.<\/p>\n<p>Devenu un v\u00e9ritable personnage de bande dessin\u00e9e, Picasso peuple les univers de Gotlib, Cl\u00e9ment Oubrerie, Reiser ou Art Spiegelman. Plus encore, ses \u0153uvres ont \u00e9t\u00e9 reprises ou \u00e9voqu\u00e9es par des auteurs aussi divers qu\u2019Herg\u00e9, Edgar P. Jacobs ou Milo Manara, cr\u00e9ant ainsi un v\u00e9ritable mus\u00e9e Picasso imaginaire. Une exposition qui ravira les amateurs de bande-dessin\u00e9e.<\/p>\n<p><strong><img loading=\"lazy\" decoding=\"async\" class=\"alignnone size-medium wp-image-5334\" src=\"https:\/\/www.paris-guided-tour.com\/wp-content\/uploads\/2020\/11\/Dora-Maar-assise-et-Dora-Maar-par-Spiegelman-300x225.jpg\" alt=\"\" width=\"300\" height=\"225\" srcset=\"https:\/\/www.paris-guided-tour.com\/wp-content\/uploads\/2020\/11\/Dora-Maar-assise-et-Dora-Maar-par-Spiegelman-300x225.jpg 300w, https:\/\/www.paris-guided-tour.com\/wp-content\/uploads\/2020\/11\/Dora-Maar-assise-et-Dora-Maar-par-Spiegelman-1024x767.jpg 1024w, https:\/\/www.paris-guided-tour.com\/wp-content\/uploads\/2020\/11\/Dora-Maar-assise-et-Dora-Maar-par-Spiegelman-768x575.jpg 768w, https:\/\/www.paris-guided-tour.com\/wp-content\/uploads\/2020\/11\/Dora-Maar-assise-et-Dora-Maar-par-Spiegelman-1536x1150.jpg 1536w, https:\/\/www.paris-guided-tour.com\/wp-content\/uploads\/2020\/11\/Dora-Maar-assise-et-Dora-Maar-par-Spiegelman-800x600.jpg 800w\" sizes=\"(max-width: 300px) 100vw, 300px\" \/><\/strong><\/p>\n<p>&nbsp;<\/p>\n<p>&nbsp;<\/p>\n<p>&nbsp;<\/p>","protected":false},"excerpt":{"rendered":"M\u00eame s\u2019il a \u00e9t\u00e9 tr\u00e8s diff\u00e9rent du premier, ce deuxi\u00e8me confinement a \u00e9t\u00e9 synonyme d\u2019une vie sans divertissement. Il faudra patienter jusqu\u2019\u00e0 fin Janvier pour aller au restaurant mais les grands et petits magasins vont rouvrir demain. Quant aux mus\u00e9es et aux cin\u00e9mas, ils ouvrent leurs portes le 15 d\u00e9cembre\u00a0! Quelles sont les expositions \u00e0 ne pas manquer avant la pause de No\u00ebl\u00a0? Mus\u00e9e des arts d\u00e9coratifs de Paris Harper\u2019s Bazar Jusqu\u2019au 3 Janvier 2021 Une superbe exposition d\u00e9di\u00e9e au Harper\u2019s Bazar, le premier magazine de mode aux Etats-Unis, c\u2019est [&hellip;]","protected":false},"author":1,"featured_media":5339,"comment_status":"open","ping_status":"open","sticky":false,"template":"","format":"standard","meta":{"footnotes":""},"categories":[8],"tags":[],"yoast_head":"<!-- This site is optimized with the Yoast SEO plugin v15.7 - https:\/\/yoast.com\/wordpress\/plugins\/seo\/ -->\n<title>Fin d\u2019un confinement sans divertissement ! - Paris Guided Tour - Certified Tour Guide in Paris<\/title>\n<meta name=\"robots\" content=\"index, follow, max-snippet:-1, max-image-preview:large, max-video-preview:-1\" \/>\n<link rel=\"canonical\" href=\"https:\/\/www.paris-guided-tour.com\/francais-fin-dun-confinement-sans-divertissement\/\" \/>\n<meta property=\"og:locale\" content=\"fr_FR\" \/>\n<meta property=\"og:type\" content=\"article\" \/>\n<meta property=\"og:title\" content=\"Fin d\u2019un confinement sans divertissement ! - Paris Guided Tour - Certified Tour Guide in Paris\" \/>\n<meta property=\"og:description\" content=\"M\u00eame s\u2019il a \u00e9t\u00e9 tr\u00e8s diff\u00e9rent du premier, ce deuxi\u00e8me confinement a \u00e9t\u00e9 synonyme d\u2019une vie sans divertissement. Il faudra patienter jusqu\u2019\u00e0 fin Janvier pour aller au restaurant mais les grands et petits magasins vont rouvrir demain. Quant aux mus\u00e9es et aux cin\u00e9mas, ils ouvrent leurs portes le 15 d\u00e9cembre\u00a0! Quelles sont les expositions \u00e0 ne pas manquer avant la pause de No\u00ebl\u00a0? Mus\u00e9e des arts d\u00e9coratifs de Paris Harper\u2019s Bazar Jusqu\u2019au 3 Janvier 2021 Une superbe exposition d\u00e9di\u00e9e au Harper\u2019s Bazar, le premier magazine de mode aux Etats-Unis, c\u2019est [&hellip;]\" \/>\n<meta property=\"og:url\" content=\"https:\/\/www.paris-guided-tour.com\/francais-fin-dun-confinement-sans-divertissement\/\" \/>\n<meta property=\"og:site_name\" content=\"Paris Guided Tour - Certified Tour Guide in Paris\" \/>\n<meta property=\"article:published_time\" content=\"2020-11-27T15:42:49+00:00\" \/>\n<meta property=\"article:modified_time\" content=\"2020-12-08T21:33:00+00:00\" \/>\n<meta property=\"og:image\" content=\"https:\/\/www.paris-guided-tour.com\/wp-content\/uploads\/2020\/11\/champs-Elysees-illuminations-2014-2015.jpg\" \/>\n\t<meta property=\"og:image:width\" content=\"924\" \/>\n\t<meta property=\"og:image:height\" content=\"355\" \/>\n<meta name=\"twitter:card\" content=\"summary_large_image\" \/>\n<meta name=\"twitter:creator\" content=\"@ParisGuidedTour\" \/>\n<meta name=\"twitter:site\" content=\"@ParisGuidedTour\" \/>\n<meta name=\"twitter:label1\" content=\"Dur\u00e9e de lecture est.\">\n\t<meta name=\"twitter:data1\" content=\"3 minutes\">\n<script type=\"application\/ld+json\" class=\"yoast-schema-graph\">{\"@context\":\"https:\/\/schema.org\",\"@graph\":[{\"@type\":\"WebSite\",\"@id\":\"https:\/\/www.paris-guided-tour.com\/#website\",\"url\":\"https:\/\/www.paris-guided-tour.com\/\",\"name\":\"Paris Guided Tour - Certified Tour Guide in Paris\",\"description\":\"A certified guide in Paris\",\"publisher\":{\"@id\":\"https:\/\/www.paris-guided-tour.com\/#\/schema\/person\/a65c1a7cb0813c073936decc3ec92f23\"},\"potentialAction\":[{\"@type\":\"SearchAction\",\"target\":\"https:\/\/www.paris-guided-tour.com\/?s={search_term_string}\",\"query-input\":\"required name=search_term_string\"}],\"inLanguage\":\"fr-FR\"},{\"@type\":\"ImageObject\",\"@id\":\"https:\/\/www.paris-guided-tour.com\/francais-fin-dun-confinement-sans-divertissement\/#primaryimage\",\"inLanguage\":\"fr-FR\",\"url\":\"https:\/\/www.paris-guided-tour.com\/wp-content\/uploads\/2020\/11\/champs-Elysees-illuminations-2014-2015.jpg\",\"width\":924,\"height\":355},{\"@type\":\"WebPage\",\"@id\":\"https:\/\/www.paris-guided-tour.com\/francais-fin-dun-confinement-sans-divertissement\/#webpage\",\"url\":\"https:\/\/www.paris-guided-tour.com\/francais-fin-dun-confinement-sans-divertissement\/\",\"name\":\"Fin d\\u2019un confinement sans divertissement ! - Paris Guided Tour - Certified Tour Guide in Paris\",\"isPartOf\":{\"@id\":\"https:\/\/www.paris-guided-tour.com\/#website\"},\"primaryImageOfPage\":{\"@id\":\"https:\/\/www.paris-guided-tour.com\/francais-fin-dun-confinement-sans-divertissement\/#primaryimage\"},\"datePublished\":\"2020-11-27T15:42:49+00:00\",\"dateModified\":\"2020-12-08T21:33:00+00:00\",\"inLanguage\":\"fr-FR\",\"potentialAction\":[{\"@type\":\"ReadAction\",\"target\":[\"https:\/\/www.paris-guided-tour.com\/francais-fin-dun-confinement-sans-divertissement\/\"]}]},{\"@type\":\"Article\",\"@id\":\"https:\/\/www.paris-guided-tour.com\/francais-fin-dun-confinement-sans-divertissement\/#article\",\"isPartOf\":{\"@id\":\"https:\/\/www.paris-guided-tour.com\/francais-fin-dun-confinement-sans-divertissement\/#webpage\"},\"author\":{\"@id\":\"https:\/\/www.paris-guided-tour.com\/#\/schema\/person\/a65c1a7cb0813c073936decc3ec92f23\"},\"headline\":\"Fin d\\u2019un confinement sans divertissement !\",\"datePublished\":\"2020-11-27T15:42:49+00:00\",\"dateModified\":\"2020-12-08T21:33:00+00:00\",\"mainEntityOfPage\":{\"@id\":\"https:\/\/www.paris-guided-tour.com\/francais-fin-dun-confinement-sans-divertissement\/#webpage\"},\"commentCount\":0,\"publisher\":{\"@id\":\"https:\/\/www.paris-guided-tour.com\/#\/schema\/person\/a65c1a7cb0813c073936decc3ec92f23\"},\"image\":{\"@id\":\"https:\/\/www.paris-guided-tour.com\/francais-fin-dun-confinement-sans-divertissement\/#primaryimage\"},\"articleSection\":\"Art\",\"inLanguage\":\"fr-FR\",\"potentialAction\":[{\"@type\":\"CommentAction\",\"name\":\"Comment\",\"target\":[\"https:\/\/www.paris-guided-tour.com\/francais-fin-dun-confinement-sans-divertissement\/#respond\"]}]},{\"@type\":[\"Person\",\"Organization\"],\"@id\":\"https:\/\/www.paris-guided-tour.com\/#\/schema\/person\/a65c1a7cb0813c073936decc3ec92f23\",\"name\":\"Caroline Lagarde\",\"image\":{\"@type\":\"ImageObject\",\"@id\":\"https:\/\/www.paris-guided-tour.com\/#personlogo\",\"inLanguage\":\"fr-FR\",\"url\":\"https:\/\/secure.gravatar.com\/avatar\/2a94b9c3dba3f5cf35732b5b00fc1e66?s=96&d=mm&r=g\",\"caption\":\"Caroline Lagarde\"},\"logo\":{\"@id\":\"https:\/\/www.paris-guided-tour.com\/#personlogo\"},\"sameAs\":[\"https:\/\/www.instagram.com\/parisguidedtour\/\"]}]}<\/script>\n<!-- \/ Yoast SEO plugin. -->","_links":{"self":[{"href":"https:\/\/www.paris-guided-tour.com\/fr\/wp-json\/wp\/v2\/posts\/5335"}],"collection":[{"href":"https:\/\/www.paris-guided-tour.com\/fr\/wp-json\/wp\/v2\/posts"}],"about":[{"href":"https:\/\/www.paris-guided-tour.com\/fr\/wp-json\/wp\/v2\/types\/post"}],"author":[{"embeddable":true,"href":"https:\/\/www.paris-guided-tour.com\/fr\/wp-json\/wp\/v2\/users\/1"}],"replies":[{"embeddable":true,"href":"https:\/\/www.paris-guided-tour.com\/fr\/wp-json\/wp\/v2\/comments?post=5335"}],"version-history":[{"count":13,"href":"https:\/\/www.paris-guided-tour.com\/fr\/wp-json\/wp\/v2\/posts\/5335\/revisions"}],"predecessor-version":[{"id":5349,"href":"https:\/\/www.paris-guided-tour.com\/fr\/wp-json\/wp\/v2\/posts\/5335\/revisions\/5349"}],"wp:featuredmedia":[{"embeddable":true,"href":"https:\/\/www.paris-guided-tour.com\/fr\/wp-json\/wp\/v2\/media\/5339"}],"wp:attachment":[{"href":"https:\/\/www.paris-guided-tour.com\/fr\/wp-json\/wp\/v2\/media?parent=5335"}],"wp:term":[{"taxonomy":"category","embeddable":true,"href":"https:\/\/www.paris-guided-tour.com\/fr\/wp-json\/wp\/v2\/categories?post=5335"},{"taxonomy":"post_tag","embeddable":true,"href":"https:\/\/www.paris-guided-tour.com\/fr\/wp-json\/wp\/v2\/tags?post=5335"}],"curies":[{"name":"wp","href":"https:\/\/api.w.org\/{rel}","templated":true}]}}